{"id":378,"date":"2019-09-24T22:00:25","date_gmt":"2019-09-24T22:00:25","guid":{"rendered":"https:\/\/rancholagitana.org\/?p=378"},"modified":"2020-05-26T14:48:06","modified_gmt":"2020-05-26T14:48:06","slug":"talleres-2019","status":"publish","type":"post","link":"https:\/\/rancholagitana.org\/es\/talleres-2019\/","title":{"rendered":"Talleres 2019 en el Rancho La Gitana"},"content":{"rendered":"\n<p>Este verano celebramos nuestro tercer a\u00f1o de talleres de arte para las ni\u00f1as y ni\u00f1os del pueblo de Tzurum\u00fataro.  Tuvimos una oportunidad muy especial, en que Trudi Diening, una profesora de ingl\u00e9s como segundo idioma y coordinadora de alfabetizaci\u00f3n de la Universidad Capilano en Columbia Brit\u00e1nica, Canad\u00e1, di\u00f3 clases de ingl\u00e9s en tres clases separadas.  Una era para los ni\u00f1os y ni\u00f1as, otra para las madres de ellos, y la tercera era para las profesoras de los talleres de arte, quien tambi\u00e9n son aprendizes en nuestra tienda, Segunda de Primera, tanto comos sus parejas y una joven de quince a\u00f1os. <\/p>\n\n\n\n<figure class=\"wp-block-gallery columns-2 is-cropped wp-block-gallery-1 is-layout-flex wp-block-gallery-is-layout-flex\"><ul class=\"blocks-gallery-grid\"><li class=\"blocks-gallery-item\"><figure><img loading=\"lazy\" decoding=\"async\" width=\"960\" height=\"455\" src=\"https:\/\/rancholagitana.org\/wp-content\/uploads\/2019\/09\/art-workshops-2-1.png\" alt=\"\" data-id=\"373\" data-link=\"https:\/\/rancholagitana.org\/es\/art-workshops-2-2-2\/\" class=\"wp-image-373\" srcset=\"https:\/\/rancholagitana.org\/wp-content\/uploads\/2019\/09\/art-workshops-2-1.png 960w, https:\/\/rancholagitana.org\/wp-content\/uploads\/2019\/09\/art-workshops-2-1-300x142.png 300w, https:\/\/rancholagitana.org\/wp-content\/uploads\/2019\/09\/art-workshops-2-1-768x364.png 768w\" sizes=\"auto, (max-width: 960px) 100vw, 960px\" \/><\/figure><\/li><li class=\"blocks-gallery-item\"><figure><img loading=\"lazy\" decoding=\"async\" width=\"960\" height=\"455\" src=\"https:\/\/rancholagitana.org\/wp-content\/uploads\/2019\/09\/art-workshops-1-1.png\" alt=\"\" data-id=\"371\" data-link=\"https:\/\/rancholagitana.org\/es\/art-workshops-1-2-2\/\" class=\"wp-image-371\" srcset=\"https:\/\/rancholagitana.org\/wp-content\/uploads\/2019\/09\/art-workshops-1-1.png 960w, https:\/\/rancholagitana.org\/wp-content\/uploads\/2019\/09\/art-workshops-1-1-300x142.png 300w, https:\/\/rancholagitana.org\/wp-content\/uploads\/2019\/09\/art-workshops-1-1-768x364.png 768w\" sizes=\"auto, (max-width: 960px) 100vw, 960px\" \/><\/figure><\/li><li class=\"blocks-gallery-item\"><figure><img loading=\"lazy\" decoding=\"async\" width=\"960\" height=\"455\" src=\"https:\/\/rancholagitana.org\/wp-content\/uploads\/2019\/09\/art-workshops-5-1.png\" alt=\"\" data-id=\"369\" data-link=\"https:\/\/rancholagitana.org\/es\/art-workshops-5-2-2\/\" class=\"wp-image-369\" srcset=\"https:\/\/rancholagitana.org\/wp-content\/uploads\/2019\/09\/art-workshops-5-1.png 960w, https:\/\/rancholagitana.org\/wp-content\/uploads\/2019\/09\/art-workshops-5-1-300x142.png 300w, https:\/\/rancholagitana.org\/wp-content\/uploads\/2019\/09\/art-workshops-5-1-768x364.png 768w\" sizes=\"auto, (max-width: 960px) 100vw, 960px\" \/><\/figure><\/li><li class=\"blocks-gallery-item\"><figure><img loading=\"lazy\" decoding=\"async\" width=\"960\" height=\"455\" src=\"https:\/\/rancholagitana.org\/wp-content\/uploads\/2019\/09\/art-workshops-4-1.png\" alt=\"\" data-id=\"367\" data-link=\"https:\/\/rancholagitana.org\/es\/art-workshops-4-2-2\/\" class=\"wp-image-367\" srcset=\"https:\/\/rancholagitana.org\/wp-content\/uploads\/2019\/09\/art-workshops-4-1.png 960w, https:\/\/rancholagitana.org\/wp-content\/uploads\/2019\/09\/art-workshops-4-1-300x142.png 300w, https:\/\/rancholagitana.org\/wp-content\/uploads\/2019\/09\/art-workshops-4-1-768x364.png 768w\" sizes=\"auto, (max-width: 960px) 100vw, 960px\" \/><\/figure><\/li><\/ul><\/figure>\n\n\n\n<p>Trudi entreteni\u00f3 a todos desde el principio por las actividades que utiliz\u00f3 para ense\u00f1ar ingl\u00e9s.  Sus clases fueron dise\u00f1adas para ser \u00fatiles para cada grupo.  Hubieron juegos y ejercicios incorporando n\u00fameros, colores, las partes del rostro y frases que sirven para poder armar una conversaci\u00f3n.  Muchos de los participantes han preguntado cuando puede regresar Trudi, y esperamos que pueda ser pronto.  Dej\u00f3 a sus alumnos y alumnas, ahora amigos y amigas, deseando m\u00e1s, lo cual indica una gran profesora y motivadora. \u00a1Mil gracias , Trudi!<\/p>\n\n\n\n<p>Tambi\u00e9n queremos dar las mas sinceras gracias a Mary Jacobs y las mujeres de ALAS por su apoyo constante de los talleres de arte que ofrecemos en Rancho La Gitana durante cada vacaci\u00f3n de verano.<\/p>\n\n\n\n<div role=\"navigation\" aria-label=\"Selector de idioma\" class=\"wpml-ls-statics-shortcode_actions wpml-ls wpml-ls-legacy-list-vertical\">\n\t<ul>\n\n\t\t\t\t\t<li class=\"wpml-ls-slot-shortcode_actions wpml-ls-item wpml-ls-item-en wpml-ls-first-item wpml-ls-last-item wpml-ls-item-legacy-list-vertical\">\n\t\t\t\t<a href=\"https:\/\/rancholagitana.org\/\" hreflang=\"en\" lang=\"en\" class=\"wpml-ls-link\" aria-label=\"Cambiar a English\" title=\"Cambiar a English\">\n\t\t\t\t\t<span class=\"wpml-ls-native\">English<\/span><\/a>\n\t\t\t<\/li>\n\t\t\n\t<\/ul>\n<\/div>\n\n\n\n\n<p><\/p>\n","protected":false},"excerpt":{"rendered":"<p>Este verano celebramos nuestro tercer a\u00f1o de talleres de arte para las ni\u00f1as y ni\u00f1os del pueblo de Tzurum\u00fataro.<\/p>\n","protected":false},"author":1,"featured_media":371,"comment_status":"closed","ping_status":"open","sticky":false,"template":"","format":"standard","meta":{"footnotes":""},"categories":[17],"tags":[],"class_list":["post-378","post","type-post","status-publish","format-standard","has-post-thumbnail","hentry","category-talleres-de-arte"],"yoast_head":"<!-- This site is optimized with the Yoast SEO plugin v27.5 - https:\/\/yoast.com\/product\/yoast-seo-wordpress\/ -->\n<title>Talleres 2019 - Rancho La Gitana<\/title>\n<meta name=\"description\" content=\"Este verano celebramos nuestro tercer a\u00f1o de talleres de arte para las ni\u00f1as y ni\u00f1os del pueblo de Tzurum\u00fataro.\" \/>\n<meta name=\"robots\" content=\"index, follow, max-snippet:-1, max-image-preview:large, max-video-preview:-1\" \/>\n<link rel=\"canonical\" href=\"https:\/\/rancholagitana.org\/es\/talleres-2019\/\" \/>\n<meta property=\"og:locale\" content=\"es_ES\" \/>\n<meta property=\"og:type\" content=\"article\" \/>\n<meta property=\"og:title\" content=\"Talleres 2019 - Rancho La Gitana\" \/>\n<meta property=\"og:description\" content=\"Este verano celebramos nuestro tercer a\u00f1o de talleres de arte para las ni\u00f1as y ni\u00f1os del pueblo de Tzurum\u00fataro.\" \/>\n<meta property=\"og:url\" content=\"https:\/\/rancholagitana.org\/es\/talleres-2019\/\" \/>\n<meta property=\"og:site_name\" content=\"Rancho La Gitana\" \/>\n<meta property=\"article:publisher\" content=\"https:\/\/www.facebook.com\/deborah.peacock.330\" \/>\n<meta property=\"article:published_time\" content=\"2019-09-24T22:00:25+00:00\" \/>\n<meta property=\"article:modified_time\" content=\"2020-05-26T14:48:06+00:00\" \/>\n<meta property=\"og:image\" content=\"https:\/\/rancholagitana.org\/wp-content\/uploads\/2019\/09\/art-workshops-1-1.png\" \/>\n\t<meta property=\"og:image:width\" content=\"960\" \/>\n\t<meta property=\"og:image:height\" content=\"455\" \/>\n\t<meta property=\"og:image:type\" content=\"image\/png\" \/>\n<meta name=\"author\" content=\"erik\" \/>\n<meta name=\"twitter:card\" content=\"summary_large_image\" \/>\n<meta name=\"twitter:label1\" content=\"Escrito por\" \/>\n\t<meta name=\"twitter:data1\" content=\"erik\" \/>\n\t<meta name=\"twitter:label2\" content=\"Tiempo de lectura\" \/>\n\t<meta name=\"twitter:data2\" content=\"1 minuto\" \/>\n<script type=\"application\/ld+json\" class=\"yoast-schema-graph\">{\"@context\":\"https:\\\/\\\/schema.org\",\"@graph\":[{\"@type\":\"Article\",\"@id\":\"https:\\\/\\\/rancholagitana.org\\\/es\\\/talleres-2019\\\/#article\",\"isPartOf\":{\"@id\":\"https:\\\/\\\/rancholagitana.org\\\/es\\\/talleres-2019\\\/\"},\"author\":{\"name\":\"erik\",\"@id\":\"https:\\\/\\\/rancholagitana.org\\\/es\\\/#\\\/schema\\\/person\\\/dbd22295cfdec257c8397debf7a8cd4b\"},\"headline\":\"Talleres 2019 en el Rancho La Gitana\",\"datePublished\":\"2019-09-24T22:00:25+00:00\",\"dateModified\":\"2020-05-26T14:48:06+00:00\",\"mainEntityOfPage\":{\"@id\":\"https:\\\/\\\/rancholagitana.org\\\/es\\\/talleres-2019\\\/\"},\"wordCount\":249,\"publisher\":{\"@id\":\"https:\\\/\\\/rancholagitana.org\\\/es\\\/#organization\"},\"image\":{\"@id\":\"https:\\\/\\\/rancholagitana.org\\\/es\\\/talleres-2019\\\/#primaryimage\"},\"thumbnailUrl\":\"https:\\\/\\\/rancholagitana.org\\\/wp-content\\\/uploads\\\/2019\\\/09\\\/art-workshops-1-1.png\",\"articleSection\":[\"Talleres de arte\"],\"inLanguage\":\"es\"},{\"@type\":\"WebPage\",\"@id\":\"https:\\\/\\\/rancholagitana.org\\\/es\\\/talleres-2019\\\/\",\"url\":\"https:\\\/\\\/rancholagitana.org\\\/es\\\/talleres-2019\\\/\",\"name\":\"Talleres 2019 - Rancho La Gitana\",\"isPartOf\":{\"@id\":\"https:\\\/\\\/rancholagitana.org\\\/es\\\/#website\"},\"primaryImageOfPage\":{\"@id\":\"https:\\\/\\\/rancholagitana.org\\\/es\\\/talleres-2019\\\/#primaryimage\"},\"image\":{\"@id\":\"https:\\\/\\\/rancholagitana.org\\\/es\\\/talleres-2019\\\/#primaryimage\"},\"thumbnailUrl\":\"https:\\\/\\\/rancholagitana.org\\\/wp-content\\\/uploads\\\/2019\\\/09\\\/art-workshops-1-1.png\",\"datePublished\":\"2019-09-24T22:00:25+00:00\",\"dateModified\":\"2020-05-26T14:48:06+00:00\",\"description\":\"Este verano celebramos nuestro tercer a\u00f1o de talleres de arte para las ni\u00f1as y ni\u00f1os del pueblo de Tzurum\u00fataro.\",\"breadcrumb\":{\"@id\":\"https:\\\/\\\/rancholagitana.org\\\/es\\\/talleres-2019\\\/#breadcrumb\"},\"inLanguage\":\"es\",\"potentialAction\":[{\"@type\":\"ReadAction\",\"target\":[\"https:\\\/\\\/rancholagitana.org\\\/es\\\/talleres-2019\\\/\"]}]},{\"@type\":\"ImageObject\",\"inLanguage\":\"es\",\"@id\":\"https:\\\/\\\/rancholagitana.org\\\/es\\\/talleres-2019\\\/#primaryimage\",\"url\":\"https:\\\/\\\/rancholagitana.org\\\/wp-content\\\/uploads\\\/2019\\\/09\\\/art-workshops-1-1.png\",\"contentUrl\":\"https:\\\/\\\/rancholagitana.org\\\/wp-content\\\/uploads\\\/2019\\\/09\\\/art-workshops-1-1.png\",\"width\":960,\"height\":455},{\"@type\":\"BreadcrumbList\",\"@id\":\"https:\\\/\\\/rancholagitana.org\\\/es\\\/talleres-2019\\\/#breadcrumb\",\"itemListElement\":[{\"@type\":\"ListItem\",\"position\":1,\"name\":\"Home\",\"item\":\"https:\\\/\\\/rancholagitana.org\\\/es\\\/\"},{\"@type\":\"ListItem\",\"position\":2,\"name\":\"Talleres 2019 en el Rancho La Gitana\"}]},{\"@type\":\"WebSite\",\"@id\":\"https:\\\/\\\/rancholagitana.org\\\/es\\\/#website\",\"url\":\"https:\\\/\\\/rancholagitana.org\\\/es\\\/\",\"name\":\"Rancho La Gitana\",\"description\":\"\",\"publisher\":{\"@id\":\"https:\\\/\\\/rancholagitana.org\\\/es\\\/#organization\"},\"potentialAction\":[{\"@type\":\"SearchAction\",\"target\":{\"@type\":\"EntryPoint\",\"urlTemplate\":\"https:\\\/\\\/rancholagitana.org\\\/es\\\/?s={search_term_string}\"},\"query-input\":{\"@type\":\"PropertyValueSpecification\",\"valueRequired\":true,\"valueName\":\"search_term_string\"}}],\"inLanguage\":\"es\"},{\"@type\":\"Organization\",\"@id\":\"https:\\\/\\\/rancholagitana.org\\\/es\\\/#organization\",\"name\":\"Rancho La Gitana\",\"url\":\"https:\\\/\\\/rancholagitana.org\\\/es\\\/\",\"logo\":{\"@type\":\"ImageObject\",\"inLanguage\":\"es\",\"@id\":\"https:\\\/\\\/rancholagitana.org\\\/es\\\/#\\\/schema\\\/logo\\\/image\\\/\",\"url\":\"https:\\\/\\\/rancholagitana.org\\\/wp-content\\\/uploads\\\/2018\\\/11\\\/horseshoe-250x250.png\",\"contentUrl\":\"https:\\\/\\\/rancholagitana.org\\\/wp-content\\\/uploads\\\/2018\\\/11\\\/horseshoe-250x250.png\",\"width\":250,\"height\":250,\"caption\":\"Rancho La Gitana\"},\"image\":{\"@id\":\"https:\\\/\\\/rancholagitana.org\\\/es\\\/#\\\/schema\\\/logo\\\/image\\\/\"},\"sameAs\":[\"https:\\\/\\\/www.facebook.com\\\/deborah.peacock.330\"]},{\"@type\":\"Person\",\"@id\":\"https:\\\/\\\/rancholagitana.org\\\/es\\\/#\\\/schema\\\/person\\\/dbd22295cfdec257c8397debf7a8cd4b\",\"name\":\"erik\",\"image\":{\"@type\":\"ImageObject\",\"inLanguage\":\"es\",\"@id\":\"https:\\\/\\\/secure.gravatar.com\\\/avatar\\\/5194c2e04b5983ebc61cd9517ab2e17c43dbcc9c6ded329486cf3762d1271e84?s=96&d=mm&r=g\",\"url\":\"https:\\\/\\\/secure.gravatar.com\\\/avatar\\\/5194c2e04b5983ebc61cd9517ab2e17c43dbcc9c6ded329486cf3762d1271e84?s=96&d=mm&r=g\",\"contentUrl\":\"https:\\\/\\\/secure.gravatar.com\\\/avatar\\\/5194c2e04b5983ebc61cd9517ab2e17c43dbcc9c6ded329486cf3762d1271e84?s=96&d=mm&r=g\",\"caption\":\"erik\"}}]}<\/script>\n<!-- \/ Yoast SEO plugin. -->","yoast_head_json":{"title":"Talleres 2019 - Rancho La Gitana","description":"Este verano celebramos nuestro tercer a\u00f1o de talleres de arte para las ni\u00f1as y ni\u00f1os del pueblo de Tzurum\u00fataro.","robots":{"index":"index","follow":"follow","max-snippet":"max-snippet:-1","max-image-preview":"max-image-preview:large","max-video-preview":"max-video-preview:-1"},"canonical":"https:\/\/rancholagitana.org\/es\/talleres-2019\/","og_locale":"es_ES","og_type":"article","og_title":"Talleres 2019 - Rancho La Gitana","og_description":"Este verano celebramos nuestro tercer a\u00f1o de talleres de arte para las ni\u00f1as y ni\u00f1os del pueblo de Tzurum\u00fataro.","og_url":"https:\/\/rancholagitana.org\/es\/talleres-2019\/","og_site_name":"Rancho La Gitana","article_publisher":"https:\/\/www.facebook.com\/deborah.peacock.330","article_published_time":"2019-09-24T22:00:25+00:00","article_modified_time":"2020-05-26T14:48:06+00:00","og_image":[{"width":960,"height":455,"url":"https:\/\/rancholagitana.org\/wp-content\/uploads\/2019\/09\/art-workshops-1-1.png","type":"image\/png"}],"author":"erik","twitter_card":"summary_large_image","twitter_misc":{"Escrito por":"erik","Tiempo de lectura":"1 minuto"},"schema":{"@context":"https:\/\/schema.org","@graph":[{"@type":"Article","@id":"https:\/\/rancholagitana.org\/es\/talleres-2019\/#article","isPartOf":{"@id":"https:\/\/rancholagitana.org\/es\/talleres-2019\/"},"author":{"name":"erik","@id":"https:\/\/rancholagitana.org\/es\/#\/schema\/person\/dbd22295cfdec257c8397debf7a8cd4b"},"headline":"Talleres 2019 en el Rancho La Gitana","datePublished":"2019-09-24T22:00:25+00:00","dateModified":"2020-05-26T14:48:06+00:00","mainEntityOfPage":{"@id":"https:\/\/rancholagitana.org\/es\/talleres-2019\/"},"wordCount":249,"publisher":{"@id":"https:\/\/rancholagitana.org\/es\/#organization"},"image":{"@id":"https:\/\/rancholagitana.org\/es\/talleres-2019\/#primaryimage"},"thumbnailUrl":"https:\/\/rancholagitana.org\/wp-content\/uploads\/2019\/09\/art-workshops-1-1.png","articleSection":["Talleres de arte"],"inLanguage":"es"},{"@type":"WebPage","@id":"https:\/\/rancholagitana.org\/es\/talleres-2019\/","url":"https:\/\/rancholagitana.org\/es\/talleres-2019\/","name":"Talleres 2019 - Rancho La Gitana","isPartOf":{"@id":"https:\/\/rancholagitana.org\/es\/#website"},"primaryImageOfPage":{"@id":"https:\/\/rancholagitana.org\/es\/talleres-2019\/#primaryimage"},"image":{"@id":"https:\/\/rancholagitana.org\/es\/talleres-2019\/#primaryimage"},"thumbnailUrl":"https:\/\/rancholagitana.org\/wp-content\/uploads\/2019\/09\/art-workshops-1-1.png","datePublished":"2019-09-24T22:00:25+00:00","dateModified":"2020-05-26T14:48:06+00:00","description":"Este verano celebramos nuestro tercer a\u00f1o de talleres de arte para las ni\u00f1as y ni\u00f1os del pueblo de Tzurum\u00fataro.","breadcrumb":{"@id":"https:\/\/rancholagitana.org\/es\/talleres-2019\/#breadcrumb"},"inLanguage":"es","potentialAction":[{"@type":"ReadAction","target":["https:\/\/rancholagitana.org\/es\/talleres-2019\/"]}]},{"@type":"ImageObject","inLanguage":"es","@id":"https:\/\/rancholagitana.org\/es\/talleres-2019\/#primaryimage","url":"https:\/\/rancholagitana.org\/wp-content\/uploads\/2019\/09\/art-workshops-1-1.png","contentUrl":"https:\/\/rancholagitana.org\/wp-content\/uploads\/2019\/09\/art-workshops-1-1.png","width":960,"height":455},{"@type":"BreadcrumbList","@id":"https:\/\/rancholagitana.org\/es\/talleres-2019\/#breadcrumb","itemListElement":[{"@type":"ListItem","position":1,"name":"Home","item":"https:\/\/rancholagitana.org\/es\/"},{"@type":"ListItem","position":2,"name":"Talleres 2019 en el Rancho La Gitana"}]},{"@type":"WebSite","@id":"https:\/\/rancholagitana.org\/es\/#website","url":"https:\/\/rancholagitana.org\/es\/","name":"Rancho La Gitana","description":"","publisher":{"@id":"https:\/\/rancholagitana.org\/es\/#organization"},"potentialAction":[{"@type":"SearchAction","target":{"@type":"EntryPoint","urlTemplate":"https:\/\/rancholagitana.org\/es\/?s={search_term_string}"},"query-input":{"@type":"PropertyValueSpecification","valueRequired":true,"valueName":"search_term_string"}}],"inLanguage":"es"},{"@type":"Organization","@id":"https:\/\/rancholagitana.org\/es\/#organization","name":"Rancho La Gitana","url":"https:\/\/rancholagitana.org\/es\/","logo":{"@type":"ImageObject","inLanguage":"es","@id":"https:\/\/rancholagitana.org\/es\/#\/schema\/logo\/image\/","url":"https:\/\/rancholagitana.org\/wp-content\/uploads\/2018\/11\/horseshoe-250x250.png","contentUrl":"https:\/\/rancholagitana.org\/wp-content\/uploads\/2018\/11\/horseshoe-250x250.png","width":250,"height":250,"caption":"Rancho La Gitana"},"image":{"@id":"https:\/\/rancholagitana.org\/es\/#\/schema\/logo\/image\/"},"sameAs":["https:\/\/www.facebook.com\/deborah.peacock.330"]},{"@type":"Person","@id":"https:\/\/rancholagitana.org\/es\/#\/schema\/person\/dbd22295cfdec257c8397debf7a8cd4b","name":"erik","image":{"@type":"ImageObject","inLanguage":"es","@id":"https:\/\/secure.gravatar.com\/avatar\/5194c2e04b5983ebc61cd9517ab2e17c43dbcc9c6ded329486cf3762d1271e84?s=96&d=mm&r=g","url":"https:\/\/secure.gravatar.com\/avatar\/5194c2e04b5983ebc61cd9517ab2e17c43dbcc9c6ded329486cf3762d1271e84?s=96&d=mm&r=g","contentUrl":"https:\/\/secure.gravatar.com\/avatar\/5194c2e04b5983ebc61cd9517ab2e17c43dbcc9c6ded329486cf3762d1271e84?s=96&d=mm&r=g","caption":"erik"}}]}},"_links":{"self":[{"href":"https:\/\/rancholagitana.org\/es\/wp-json\/wp\/v2\/posts\/378","targetHints":{"allow":["GET"]}}],"collection":[{"href":"https:\/\/rancholagitana.org\/es\/wp-json\/wp\/v2\/posts"}],"about":[{"href":"https:\/\/rancholagitana.org\/es\/wp-json\/wp\/v2\/types\/post"}],"author":[{"embeddable":true,"href":"https:\/\/rancholagitana.org\/es\/wp-json\/wp\/v2\/users\/1"}],"replies":[{"embeddable":true,"href":"https:\/\/rancholagitana.org\/es\/wp-json\/wp\/v2\/comments?post=378"}],"version-history":[{"count":4,"href":"https:\/\/rancholagitana.org\/es\/wp-json\/wp\/v2\/posts\/378\/revisions"}],"predecessor-version":[{"id":497,"href":"https:\/\/rancholagitana.org\/es\/wp-json\/wp\/v2\/posts\/378\/revisions\/497"}],"wp:featuredmedia":[{"embeddable":true,"href":"https:\/\/rancholagitana.org\/es\/wp-json\/wp\/v2\/media\/371"}],"wp:attachment":[{"href":"https:\/\/rancholagitana.org\/es\/wp-json\/wp\/v2\/media?parent=378"}],"wp:term":[{"taxonomy":"category","embeddable":true,"href":"https:\/\/rancholagitana.org\/es\/wp-json\/wp\/v2\/categories?post=378"},{"taxonomy":"post_tag","embeddable":true,"href":"https:\/\/rancholagitana.org\/es\/wp-json\/wp\/v2\/tags?post=378"}],"curies":[{"name":"wp","href":"https:\/\/api.w.org\/{rel}","templated":true}]}}